{"id":630,"date":"2018-05-29T10:24:54","date_gmt":"2018-05-29T10:24:54","guid":{"rendered":"https:\/\/altri.al\/index.php\/2018\/05\/29\/monitorimi-i-shperndarjes-se-barabarte-te-te-drejtave-sociale-per-grupet-ne-nevoje-ne-nivel-kombetar-dhe-lokal-kukes-elbasan-librazhd-and-pogradec\/"},"modified":"2019-10-11T12:48:30","modified_gmt":"2019-10-11T12:48:30","slug":"monitorimi-i-shperndarjes-se-barabarte-te-te-drejtave-sociale-per-grupet-ne-nevoje-ne-nivel-kombetar-dhe-lokal-kukes-elbasan-librazhd-and-pogradec","status":"publish","type":"post","link":"https:\/\/altri.al\/index.php\/2018\/05\/29\/monitorimi-i-shperndarjes-se-barabarte-te-te-drejtave-sociale-per-grupet-ne-nevoje-ne-nivel-kombetar-dhe-lokal-kukes-elbasan-librazhd-and-pogradec\/?lang=en","title":{"rendered":"&#8220;Monitoring equal distribution of social rights for vulnerable groups at national and local level (Kuk\u00ebs, Elbasan, Librazhd and Pogradec)&#8221;"},"content":{"rendered":"<div class=\"wpb-content-wrapper\"><p>[vc_row][vc_column width=&#8221;1\/2&#8243;][vc_column_text]<\/p>\n<p style=\"text-align: justify;\"><span style=\"color: #000000;\">With the support of GIZ Albania, A.L.T.R.I Center has started implementing the project &#8220;Monitoring the implementation of social rights of vulnerable groups at central and local level (Kuk\u00ebs, Elbasan, Librazhd and Pogradec)&#8221;. Through this project, the goal is to strengthen the monitoring capacities of the People&#8217;s Advocate institution towards local government units in implementing the social rights of vulnerable groups. The project also aims to raise the awareness and information of the vulnerable institutions and groups on the social rights enjoyed by the latter. The project is foreseen to be implemented for a period of 12 months.<\/span><\/p>\n<p>[\/vc_column_text][vc_row_inner][vc_column_inner]<div class=\"aio-icon-component    style_1\"><a class=\"aio-icon-box-link\" href=\"https:\/\/altri.al\/wp-content\/uploads\/2018\/06\/Raport-Vleresimi-_ALTRI-13.03.2018.pdf\" ><div id=\"Info-box-wrap-5004\" class=\"aio-icon-box default-icon\" style=\"\"  ><div class=\"aio-icon-default\"><div class=\"ult-just-icon-wrapper  \"><div class=\"align-icon\" style=\"text-align:center;\">\n<div class=\"aio-icon-img \" style=\"font-size:48px;display:inline-block;\" >\n\t<img decoding=\"async\" class=\"img-icon\" alt=\"null\" src=\"https:\/\/altri.al\/wp-content\/uploads\/2018\/05\/pdf-1.jpg\"\/>\n<\/div><\/div><\/div><\/div><div class=\"aio-icon-header\" ><h3 class=\"aio-icon-title ult-responsive\"  data-ultimate-target='#Info-box-wrap-5004 .aio-icon-title'  data-responsive-json-new='{\"font-size\":\"\",\"line-height\":\"\"}'  style=\"\">Evaluation Raport<\/h3><\/div> <!-- header --><\/div> <!-- aio-icon-box --><\/a><\/div> <!-- aio-icon-component -->[\/vc_column_inner][\/vc_row_inner][\/vc_column][vc_column width=&#8221;1\/2&#8243;][vc_single_image image=&#8221;1855&#8243; img_size=&#8221;full&#8221; alignment=&#8221;center&#8221; style=&#8221;vc_box_outline&#8221; border_color=&#8221;chino&#8221; onclick=&#8221;link_image&#8221; image_hovers=&#8221;false&#8221;][\/vc_column][\/vc_row][vc_row][vc_column][vc_column_text css=&#8221;.vc_custom_1532684359583{border-right-width: 4px !important;border-bottom-width: 4px !important;padding-top: 20px !important;padding-right: 30px !important;padding-bottom: 20px !important;padding-left: 30px !important;background-color: #f9f9f9 !important;border-right-color: rgba(237,237,237,0.19) !important;border-right-style: outset !important;border-bottom-color: rgba(237,237,237,0.19) !important;border-bottom-style: outset !important;border-radius: 4px !important;}&#8221;]<\/p>\n<h4><a href=\"https:\/\/altri.al\/index.php\/2018\/07\/27\/konsultim-me-publik-elbasan-librazhd-pogradec-dhe-kukes-per-metodologjine-e-monitorimit-dhe-vleresimit-te-institucionit-te-avokatit-te-popullit-per-sherbimet-sociale-te-ofruara-nga-njesite-e-qever\/?lang=en\">Public consultative meeting (Elbasan, Librazhd, Pogradec and Kukes) on the Monitoring Methodology and Evaluation of the People&#8217;s Advocate Institution for social services provided by Local Government Units.<\/a><\/h4>\n<p>June, 2018<\/p>\n<p style=\"text-align: justify;\"><span style=\"color: #000000;\">In the framework of the project \u201cMonitoring equal distribution of social rights for vulnerable groups at national and local level (Kuk\u00ebs, Elbasan, Librazhd and Pogradec)\u201d, has been drafted the \u201cMonitoring Methodology and Evaluation of the People&#8217;s Advocate Institution for social services provided by Local Government Units\u201d. The aim of methodology is to serve as a continuous work tool of the People&#8217;s Advocate Institution during the process of monitoring the realization of the social rights of groups in need. In order to have a realistic, efficient and applicable document, they are invited to be involved in the consultation process of the People&#8217;s Advocate representative, representatives of the Local Government Unit, representatives of Civil Society Organizations and groups in need.<\/span><\/p>\n<p><a href=\"https:\/\/altri.al\/index.php\/2018\/07\/27\/konsultim-me-publik-elbasan-librazhd-pogradec-dhe-kukes-per-metodologjine-e-monitorimit-dhe-vleresimit-te-institucionit-te-avokatit-te-popullit-per-sherbimet-sociale-te-ofruara-nga-njesite-e-qever\/?lang=en\"><strong>Read more<\/strong><\/a>[\/vc_column_text][\/vc_column][\/vc_row][vc_row][vc_column][vc_column_text css=&#8221;.vc_custom_1539963455506{border-right-width: 4px !important;border-bottom-width: 4px !important;padding-top: 20px !important;padding-right: 30px !important;padding-bottom: 20px !important;padding-left: 30px !important;background-color: #f9f9f9 !important;border-right-color: rgba(237,237,237,0.19) !important;border-right-style: outset !important;border-bottom-color: rgba(237,237,237,0.19) !important;border-bottom-style: outset !important;border-radius: 4px !important;}&#8221;]<\/p>\n<h4><a href=\"https:\/\/altri.al\/index.php\/2018\/10\/19\/zhvillimi-i-trajnimeve-me-perfaqesuesit-e-njesise-se-qeverisjes-vendore-mbi-metodologjine-e-monitorimit-dhe-vleresimit-te-sherbimeve-sociale-te-ofruara-nga-njesite-e-qeverisjes-vendore-kukes-elbasan\/?lang=en\">Development of trainings with representatives of the Local Government Unit on the methodology of monitoring and evaluation of social services provided by Local Government Units (Kuk\u00ebs, Elbasan, Librazhd, Pogradec).<\/a><\/h4>\n<p>October, 2018<\/p>\n<p style=\"text-align: justify;\"><span style=\"color: #000000;\">In the framework of the project &#8220;Monitoring of the equal distribution of social rights for vulnerable groups at national and local level (Kukes, Elbasan, Librazhd and Pogradec)&#8221; trainings were held with representatives of Local Government Units in Kukes, Elbasan, Librazhd and Pogradec. The development of trainings aims to enable representatives of the Ombudsman Institution and Local Government representatives to implement the monitoring methodology during their work. Trainings were conducted in three sessions.<\/span><\/p>\n<p><a href=\"https:\/\/altri.al\/index.php\/2018\/10\/19\/zhvillimi-i-trajnimeve-me-perfaqesuesit-e-njesise-se-qeverisjes-vendore-mbi-metodologjine-e-monitorimit-dhe-vleresimit-te-sherbimeve-sociale-te-ofruara-nga-njesite-e-qeverisjes-vendore-kukes-elbasan\/?lang=en\"><strong>Read more<\/strong><\/a>[\/vc_column_text][\/vc_column][\/vc_row][vc_row][vc_column][vc_column_text css=&#8221;.vc_custom_1539963474832{border-right-width: 4px !important;border-bottom-width: 4px !important;padding-top: 20px !important;padding-right: 30px !important;padding-bottom: 20px !important;padding-left: 30px !important;background-color: #f9f9f9 !important;border-right-color: rgba(237,237,237,0.19) !important;border-right-style: outset !important;border-bottom-color: rgba(237,237,237,0.19) !important;border-bottom-style: outset !important;border-radius: 4px !important;}&#8221;]<\/p>\n<h4><a href=\"https:\/\/altri.al\/index.php\/2018\/10\/19\/fushata-ndergjegjesuese-dhe-informuese\/?lang=en\">Awareness and information campaign<\/a><\/h4>\n<p>October, 2018<\/p>\n<p><a href=\"https:\/\/altri.al\/index.php\/2018\/10\/19\/fushata-ndergjegjesuese-dhe-informuese\/?lang=en\"><strong>Read more<\/strong><\/a>[\/vc_column_text][\/vc_column][\/vc_row][vc_row][vc_column][vc_column_text css=&#8221;.vc_custom_1562077439215{border-right-width: 4px !important;border-bottom-width: 4px !important;padding-top: 20px !important;padding-right: 30px !important;padding-bottom: 20px !important;padding-left: 30px !important;background-color: #f9f9f9 !important;border-right-color: rgba(237,237,237,0.19) !important;border-right-style: outset !important;border-bottom-color: rgba(237,237,237,0.19) !important;border-bottom-style: outset !important;border-radius: 4px !important;}&#8221;]<\/p>\n<h4><a href=\"https:\/\/altri.al\/index.php\/2019\/07\/01\/zhvillimi-i-seminareve\/\">Achievements of Sustainable Development Objectives<\/a><\/h4>\n<p><span style=\"color: #000000;\">22 March 2019<\/span><\/p>\n<p><span style=\"color: #000000;\">In the framework of the project &#8220;Monitoring and promoting equal distribution of social rights for vulnerable groups at national and local level&#8221;, an assessment was carried out in Kukes, Librazhd and Elbasan municipalities regarding the Sustainable Development Goals, measures received, the means used to achieve them and the indicators for their measurement. This assessment focused on the following directions:<\/span><\/p>\n<ul>\n<li style=\"font-weight: 400;\"><span style=\"font-weight: 400; color: #000000;\">Assess the knowledge\u2019s of municipalities for the Agenda 2030;<\/span><\/li>\n<li style=\"font-weight: 400;\"><span style=\"font-weight: 400; color: #000000;\">Assess the involvement of SDGs in their strategic and action plans;<\/span><\/li>\n<li style=\"font-weight: 400;\"><span style=\"font-weight: 400; color: #000000;\">Assess the measures taken and the tools used for their achievement and the indicators for their measurement;<\/span><\/li>\n<li style=\"font-weight: 400;\"><span style=\"font-weight: 400; color: #000000;\">Identify the specific goal(s) that will be the focus of this project.<br \/>\n<\/span><\/li>\n<\/ul>\n<p><span style=\"color: #000000;\">This assessment was based on interviews conducted with representatives of these local units, based on a pre-prepared questionnaire, structured mainly by collecting information on SDGs; level of cooperation with the central government within these objectives; concrete actions taken for the implementation of the SDG; establishment of an institutional mechanism for monitoring the achievements of the SDG; the level of training or awareness activities carried out for this process; the impact of these objectives in improving the quality of services to citizens; their involvement in local action strategies and plans; challenges and problems encountered etc.<\/span><\/p>\n<p><a href=\"https:\/\/altri.al\/wp-content\/uploads\/2019\/07\/Raporti-i-Vleresimit-Objektivat-e-Zhvillimit-te-Qendrueshem.pdf\"><strong>Raporti i Vler\u00ebsimit-Objektivat e Zhvillimit t\u00eb Q\u00ebndruesh\u00ebm<\/strong><\/a>[\/vc_column_text][\/vc_column][\/vc_row][vc_row][vc_column][vc_column_text css=&#8221;.vc_custom_1562078920740{border-right-width: 4px !important;border-bottom-width: 4px !important;padding-top: 20px !important;padding-right: 30px !important;padding-bottom: 20px !important;padding-left: 30px !important;background-color: #f9f9f9 !important;border-right-color: rgba(237,237,237,0.19) !important;border-right-style: outset !important;border-bottom-color: rgba(237,237,237,0.19) !important;border-bottom-style: outset !important;border-radius: 4px !important;}&#8221;]<\/p>\n<h4><a href=\"https:\/\/altri.al\/index.php\/2019\/07\/01\/zhvillimi-i-seminareve\/?lang=en\">Development of seminars<\/a><\/h4>\n<p><span style=\"color: #000000;\">28 June 2019<\/span><\/p>\n<p><span style=\"color: #000000;\">The following activity is the development of 4 seminars at the local and central level (Tirana, Elbasan, Librazhd and Kuk\u00ebs). The first seminar was attended by representatives Ombudsman and Ministry of Health and Social Welfare, with the trainers contracted by ALTRI Center and GIZ Albania. Later, representatives of the Ombudsman and representatives of the Ministry of Health and Social Welfare participated in the first seminar, held three seminars at local level in Kukes, Elbasan and Librazhd, trained by representatives of these municipalities (ToT).<\/span><\/p>\n<p><a href=\"https:\/\/altri.al\/index.php\/2019\/07\/01\/zhvillimi-i-seminareve\/?lang=en\"><strong>More<\/strong><\/a>[\/vc_column_text][\/vc_column][\/vc_row][vc_row][vc_column][vc_column_text css=&#8221;.vc_custom_1562079347553{border-right-width: 4px !important;border-bottom-width: 4px !important;padding-top: 20px !important;padding-right: 30px !important;padding-bottom: 20px !important;padding-left: 30px !important;background-color: #f9f9f9 !important;border-right-color: rgba(237,237,237,0.19) !important;border-right-style: outset !important;border-bottom-color: rgba(237,237,237,0.19) !important;border-bottom-style: outset !important;border-radius: 4px !important;}&#8221;]<\/p>\n<h4><a href=\"https:\/\/altri.al\/index.php\/2019\/07\/01\/zhvillimi-i-vizites-studimore-ne-prishtine\/?lang=en\">Development of the study visit in Pristina<\/a><\/h4>\n<p><span style=\"color: #000000;\">ALTRI Center for share experience and knowledge regarding the implementation of the Sustainable Development Goals, held three study visits Pristina: <\/span><\/p>\n<ul>\n<li style=\"font-weight: 400;\"><span style=\"font-weight: 400; color: #000000;\">Study visit to the Institution of the People&#8217;s Advocate in Kosovo;<\/span><\/li>\n<li style=\"font-weight: 400;\"><span style=\"font-weight: 400; color: #000000;\">Study visit to the Municipality of Pristina;<\/span><\/li>\n<li style=\"font-weight: 400;\"><span style=\"font-weight: 400; color: #000000;\">Study visit to the Ministry of Labor and Social Welfare, Pristina.<\/span><\/li>\n<\/ul>\n<p><span style=\"color: #000000;\">During the meeting participants exchanged experiences related to them:<\/span><\/p>\n<ol>\n<li><span style=\"color: #000000;\">The Role of Institutions for the Implementation of Sustainable Development Goals;<\/span><\/li>\n<li><span style=\"color: #000000;\">Measures taken by the respective states and specifically by the institution representing in the framework of the implementation of the SDG;<\/span><\/li>\n<li><span style=\"color: #000000;\">What are the challenges of the institutions in the framework of the monitoring of the implementation of the SDG;<\/span><\/li>\n<li><span style=\"color: #000000;\">How can strengthen cooperation between homologue institutions in Albania and Kosovo in the context of increasing staff capacity of these institutions to fulfill SDG.<\/span><\/li>\n<\/ol>\n<p><a href=\"https:\/\/altri.al\/index.php\/2019\/07\/01\/zhvillimi-i-vizites-studimore-ne-prishtine\/?lang=en\"><strong>More<\/strong><\/a>[\/vc_column_text][\/vc_column][\/vc_row][vc_row][vc_column][vc_column_text css=&#8221;.vc_custom_1562079458808{border-right-width: 4px !important;border-bottom-width: 4px !important;padding-top: 20px !important;padding-right: 30px !important;padding-bottom: 20px !important;padding-left: 30px !important;background-color: #f9f9f9 !important;border-right-color: rgba(237,237,237,0.19) !important;border-right-style: outset !important;border-bottom-color: rgba(237,237,237,0.19) !important;border-bottom-style: outset !important;border-radius: 4px !important;}&#8221;]<\/p>\n<h4><a href=\"https:\/\/altri.al\/index.php\/2019\/07\/01\/zhvillimi-i-vizites-studimore-ne-prishtine\/\">Monitoring of social services in the municipality of Kukes, Elbasan and Librazhd<\/a><\/h4>\n<p><span style=\"color: #000000;\">In the framework of the project &#8220;Monitoring and promoting equal distribution of social rights for vulnerable groups at national and local level&#8221;, ALTRI Center&#8217;s experts in cooperation with representatives of the People&#8217;s Advocate Institution monitored 2 selected services:<\/span><\/p>\n<ol>\n<li><span style=\"font-weight: 400; color: #000000;\">Providing Economic Aid;<\/span><\/li>\n<li><span style=\"font-weight: 400; color: #000000;\">Respect for the Rights of Persons with Disabilities.<\/span><\/li>\n<\/ol>\n<p><span style=\"color: #000000;\">For the monitoring of these two services the tools and methods provided in the monitoring methodology were used. To make an assessment of the current situation for these two services and to identify problems \/ deficiencies related to their provision, the People&#8217;s Advocate in cooperation with ALTRI conducted in the municipalities of Elbasan, Librazhd and Kuk\u00ebs:<\/span><\/p>\n<ul>\n<li><span style=\"color: #000000;\">Interviews with the responsible municipal employees for these services;<\/span><\/li>\n<li><span style=\"color: #000000;\">A survey process with the beneficiaries of the two services;<\/span><\/li>\n<li><span style=\"color: #000000;\">Also was conducted the analysis and evaluation of the archive and administrative information available from the institution, narrative reports, legal and sub legal framework.<\/span><\/li>\n<\/ul>\n<p><span style=\"color: #000000;\">The People&#8217;s Advocate Institution based on the collected data drafted the &#8220;Monitoring report on the distribution of economic aid and respect of the rights of the category of Persons with Disabilities&#8221;, in which prepared the relevant recommendations for the responsible institutions.<\/span><\/p>\n<p><a href=\"https:\/\/altri.al\/wp-content\/uploads\/2019\/07\/GIZ-Raporti-i-monitorimit-NE-dhe-PAK_05.06.2019.pdf\"><strong>Monitoring Report<\/strong><\/a>[\/vc_column_text][\/vc_column][\/vc_row][vc_row][vc_column][vc_column_text css=&#8221;.vc_custom_1562081143973{border-right-width: 4px !important;border-bottom-width: 4px !important;padding-top: 20px !important;padding-right: 30px !important;padding-bottom: 20px !important;padding-left: 30px !important;background-color: #f9f9f9 !important;border-right-color: rgba(237,237,237,0.19) !important;border-right-style: outset !important;border-bottom-color: rgba(237,237,237,0.19) !important;border-bottom-style: outset !important;border-radius: 4px !important;}&#8221;]<\/p>\n<h4><a href=\"https:\/\/altri.al\/index.php\/2019\/07\/02\/zhvillimi-i-takimeve-konsultuese-dhe-advokuese\/?lang=en\">Development of consultative and advocacy meetings<\/a><\/h4>\n<p><span style=\"color: #000000;\">After the drafting of the Monitoring Report, the Ombudsperson Institution, in cooperation with the ALTRI Center, organized 4 consultative and advocacy meetings in order to present the recommendations and discussing them in detail. Present at these meetings was the media, which was conducted four interviews at the local level in order to present recommendations to reach a high number of audience from all citizens.<\/span><\/p>\n<p><a href=\"https:\/\/altri.al\/index.php\/2019\/07\/02\/zhvillimi-i-takimeve-konsultuese-dhe-advokuese\/?lang=en\"><strong>More<\/strong><\/a>[\/vc_column_text][\/vc_column][\/vc_row][vc_row][vc_column][vc_column_text css=&#8221;.vc_custom_1570798113630{border-right-width: 4px !important;border-bottom-width: 4px !important;padding-top: 20px !important;padding-right: 30px !important;padding-bottom: 20px !important;padding-left: 30px !important;background-color: #f9f9f9 !important;border-right-color: rgba(237,237,237,0.19) !important;border-right-style: outset !important;border-bottom-color: rgba(237,237,237,0.19) !important;border-bottom-style: outset !important;border-radius: 4px !important;}&#8221;]<\/p>\n<h4><a href=\"https:\/\/altri.al\/index.php\/2019\/10\/11\/tryeze-permbyllese-e-iniciatives\/?lang=en\">Final Event<\/a><\/h4>\n<p><span style=\"color: #000000;\">ALTRI Center at the conclusion of initiative organized final event entitled &#8220;Challenges in the protection and realization of social rights of vulnerable groups and actions to be taken&#8221;. <\/span><\/p>\n<p><a href=\"https:\/\/altri.al\/index.php\/2019\/10\/11\/tryeze-permbyllese-e-iniciatives\/?lang=en\"><strong>More<\/strong><\/a>[\/vc_column_text][\/vc_column][\/vc_row]<\/p>\n<\/div>","protected":false},"excerpt":{"rendered":"<p>[vc_row][vc_column width=&#8221;1\/2&#8243;][vc_column_text] With the support of GIZ Albania, A.L.T.R.I Center has started implementing the project &#8220;Monitoring the implementation of social rights of vulnerable groups at central and local level (Kuk\u00ebs, Elbasan, Librazhd and Pogradec)&#8221;. Through this project, the goal is to strengthen the monitoring capacities of the People&#8217;s Advocate institution towards local government units in&hellip;<\/p>\n","protected":false},"author":3,"featured_media":1852,"comment_status":"closed","ping_status":"closed","sticky":false,"template":"","format":"standard","meta":{"footnotes":""},"categories":[12,13,22,46],"tags":[],"class_list":["post-630","post","type-post","status-publish","format-standard","has-post-thumbnail","hentry","category-iniciativat-en","category-initiatives","category-projects","category-projekte-en","category-12","category-13","category-22","category-46","description-off"],"_links":{"self":[{"href":"https:\/\/altri.al\/index.php\/wp-json\/wp\/v2\/posts\/630","targetHints":{"allow":["GET"]}}],"collection":[{"href":"https:\/\/altri.al\/index.php\/wp-json\/wp\/v2\/posts"}],"about":[{"href":"https:\/\/altri.al\/index.php\/wp-json\/wp\/v2\/types\/post"}],"author":[{"embeddable":true,"href":"https:\/\/altri.al\/index.php\/wp-json\/wp\/v2\/users\/3"}],"replies":[{"embeddable":true,"href":"https:\/\/altri.al\/index.php\/wp-json\/wp\/v2\/comments?post=630"}],"version-history":[{"count":16,"href":"https:\/\/altri.al\/index.php\/wp-json\/wp\/v2\/posts\/630\/revisions"}],"predecessor-version":[{"id":3332,"href":"https:\/\/altri.al\/index.php\/wp-json\/wp\/v2\/posts\/630\/revisions\/3332"}],"wp:featuredmedia":[{"embeddable":true,"href":"https:\/\/altri.al\/index.php\/wp-json\/wp\/v2\/media\/1852"}],"wp:attachment":[{"href":"https:\/\/altri.al\/index.php\/wp-json\/wp\/v2\/media?parent=630"}],"wp:term":[{"taxonomy":"category","embeddable":true,"href":"https:\/\/altri.al\/index.php\/wp-json\/wp\/v2\/categories?post=630"},{"taxonomy":"post_tag","embeddable":true,"href":"https:\/\/altri.al\/index.php\/wp-json\/wp\/v2\/tags?post=630"}],"curies":[{"name":"wp","href":"https:\/\/api.w.org\/{rel}","templated":true}]}}