{"id":4945,"date":"2026-06-25T14:37:38","date_gmt":"2026-06-25T14:37:38","guid":{"rendered":"https:\/\/altri.al\/?p=4945"},"modified":"2026-08-26T15:06:24","modified_gmt":"2026-08-26T15:06:24","slug":"te-rinjte-per-vendimmarrjen-teknologji-art-dhe-pjesemarrje","status":"publish","type":"post","link":"https:\/\/altri.al\/index.php\/2026\/06\/25\/te-rinjte-per-vendimmarrjen-teknologji-art-dhe-pjesemarrje\/","title":{"rendered":"T\u00eb Rinjt\u00eb P\u00ebr Vendimmarrjen: Teknologji, Art dhe Pjes\u00ebmarrje!"},"content":{"rendered":"<div class=\"wpb-content-wrapper\"><p>[vc_row css=&#8221;.vc_custom_1773074725381{padding-top: 50px !important;padding-bottom: 50px !important;}&#8221;][vc_column width=&#8221;1\/2&#8243;][vc_column_text css=&#8221;&#8221;]<strong>T\u00eb Rinjt\u00eb P\u00ebr Vendimmarrjen: Teknologji, Art dhe Pjes\u00ebmarrje!<\/strong><\/p>\n<p>Projekti \u201cT\u00eb Rinjt\u00eb P\u00ebr Vendimmarrjen: Teknologji, Art dhe Pjes\u00ebmarrje!\u201d, i zbatuar nga Qendra ALTRI me mb\u00ebshtetjen financiare t\u00eb Bashkis\u00eb Kam\u00ebz, synon t\u00eb fuqizoj\u00eb t\u00eb rinjt\u00eb 15\u201329 vje\u00e7 p\u00ebr t\u2019u p\u00ebrfshir\u00eb n\u00eb m\u00ebnyr\u00eb m\u00eb aktive dhe t\u00eb informuar n\u00eb vendimmarrjen vendore, p\u00ebrmes mjeteve t\u00eb demokracis\u00eb digjitale dhe formave krijuese t\u00eb angazhimit. Nisma i p\u00ebrgjigjet nevoj\u00ebs p\u00ebr rritjen e njohurive mbi mekanizmat e pjes\u00ebmarrjes qytetare dhe forcimin e aft\u00ebsive praktike digjitale t\u00eb t\u00eb rinjve, n\u00eb nj\u00eb koh\u00eb kur nj\u00eb pjes\u00eb e konsiderueshme e tyre ende nuk i njohin apo p\u00ebrdorin n\u00eb m\u00ebnyr\u00eb efektive instrumentet q\u00eb u mund\u00ebsojn\u00eb t\u00eb informohen, t\u00eb komunikojn\u00eb me institucionet dhe t\u00eb ndikojn\u00eb n\u00eb \u00e7\u00ebshtjet e komunitetit. N\u00eb kuad\u00ebr t\u00eb projektit \u00ebsht\u00eb hartuar Paketa e Aft\u00ebsimit Digjital, si nj\u00eb nga produktet kryesore p\u00ebr mb\u00ebshtetjen e k\u00ebtij procesi.<\/p>\n<p><em>\u201cPaketa e Aft\u00ebsimit Digjital \u2013 Modul Trajnimi\u201d<\/em> \u00ebsht\u00eb konceptuar si nj\u00eb material praktik dhe i aksesuesh\u00ebm p\u00ebr t\u00eb rinjt\u00eb, q\u00eb nd\u00ebrthur njohurit\u00eb mbi e-demokracin\u00eb me p\u00ebrdorimin konkret t\u00eb instrumenteve digjitale t\u00eb pjes\u00ebmarrjes. Ajo trajton konceptin dhe avantazhet e e-demokracis\u00eb, njohurit\u00eb baz\u00eb p\u00ebr p\u00ebrdorimin e internetit, platformat ekzistuese dhe m\u00ebnyr\u00ebn e p\u00ebrdorimit t\u00eb tyre, sigurin\u00eb online, mbrojtjen e t\u00eb dh\u00ebnave personale dhe shmangien e keqinformimit, duke u plot\u00ebsuar me ushtrime praktike q\u00eb ndihmojn\u00eb n\u00eb zbatimin e njohurive t\u00eb fituara.<\/p>\n<p><em>\u201cPaketa e Aft\u00ebsimit Digjital \u2013 Modul Trajnimi\u201d<\/em> \u00ebsht\u00eb konceptuar si nj\u00eb material praktik dhe i aksesuesh\u00ebm p\u00ebr t\u00eb rinjt\u00eb, q\u00eb nd\u00ebrthur njohurit\u00eb mbi e-demokracin\u00eb me p\u00ebrdorimin konkret t\u00eb instrumenteve digjitale t\u00eb pjes\u00ebmarrjes. Ajo trajton konceptin dhe avantazhet e e-demokracis\u00eb, njohurit\u00eb baz\u00eb p\u00ebr p\u00ebrdorimin e internetit, platformat ekzistuese dhe m\u00ebnyr\u00ebn e p\u00ebrdorimit t\u00eb tyre, sigurin\u00eb online, mbrojtjen e t\u00eb dh\u00ebnave personale dhe shmangien e keqinformimit, duke u plot\u00ebsuar me ushtrime praktike q\u00eb ndihmojn\u00eb n\u00eb zbatimin e njohurive t\u00eb fituara.<\/p>\n<p>[\/vc_column_text][\/vc_column][vc_column width=&#8221;1\/2&#8243;][vc_column_text css=&#8221;.vc_custom_1787752474668{background-color: #FFFFFF !important;}&#8221;]<div class=\"_df_book df-lite\" id=\"df_4946\"  _slug=\"module-trajnimi-paketa-e-aftesimit-digjital\" data-title=\"module-trajnimi-paketa-e-aftesimit-digjital\" wpoptions=\"true\" thumbtype=\"\" ><\/div><script class=\"df-shortcode-script\" nowprocket type=\"application\/javascript\">window.option_df_4946 = {\"outline\":[],\"backgroundColor\":\"#ffffff\",\"autoEnableOutline\":\"false\",\"autoEnableThumbnail\":\"false\",\"overwritePDFOutline\":\"false\",\"direction\":\"1\",\"pageSize\":\"0\",\"source\":\"https:\\\/\\\/altri.al\\\/wp-content\\\/uploads\\\/2026\\\/08\\\/Module-Trajnimi-_-Paketa-e-Aftesimit-Digjital.pdf\",\"wpOptions\":\"true\"}; if(window.DFLIP && window.DFLIP.parseBooks){window.DFLIP.parseBooks();}<\/script>[\/vc_column_text]<div class=\"aio-icon-component    style_1\"><a class=\"aio-icon-box-link\" href=\"https:\/\/altri.al\/wp-content\/uploads\/2026\/08\/Module-Trajnimi-_-Paketa-e-Aftesimit-Digjital.pdf\" target=\"_blank\" rel=\"noopener\" ><div id=\"Info-box-wrap-2363\" class=\"aio-icon-box default-icon\" style=\"\"  ><div class=\"aio-icon-default\"><div class=\"ult-just-icon-wrapper  \"><div class=\"align-icon\" style=\"text-align:center;\">\n<div class=\"aio-icon-img \" style=\"font-size:45px;display:inline-block;\" >\n\t<img decoding=\"async\" class=\"img-icon\" alt=\"null\" src=\"https:\/\/altri.al\/wp-content\/uploads\/2020\/06\/pdf-1.jpg\"\/>\n<\/div><\/div><\/div><\/div><div class=\"aio-icon-header\" ><h3 class=\"aio-icon-title ult-responsive\"  data-ultimate-target='#Info-box-wrap-2363 .aio-icon-title'  data-responsive-json-new='{\"font-size\":\"\",\"line-height\":\"\"}'  style=\"\">Shkarko Dokumentin<\/h3><\/div> <!-- header --><\/div> <!-- aio-icon-box --><\/a><\/div> <!-- aio-icon-component -->[\/vc_column][\/vc_row][vc_row][vc_column width=&#8221;1\/3&#8243;][vc_single_image image=&#8221;4965&#8243; img_size=&#8221;full&#8221; alignment=&#8221;center&#8221; css=&#8221;&#8221;][\/vc_column][vc_column width=&#8221;1\/3&#8243;][vc_single_image image=&#8221;4967&#8243; img_size=&#8221;full&#8221; alignment=&#8221;center&#8221; css=&#8221;&#8221;][\/vc_column][vc_column width=&#8221;1\/3&#8243;][vc_single_image image=&#8221;4969&#8243; img_size=&#8221;full&#8221; alignment=&#8221;center&#8221; css=&#8221;&#8221;][\/vc_column][\/vc_row]<\/p>\n<\/div>","protected":false},"excerpt":{"rendered":"<p>[vc_row css=&#8221;.vc_custom_1773074725381{padding-top: 50px !important;padding-bottom: 50px !important;}&#8221;][vc_column width=&#8221;1\/2&#8243;][vc_column_text css=&#8221;&#8221;]T\u00eb Rinjt\u00eb P\u00ebr Vendimmarrjen: Teknologji, Art dhe Pjes\u00ebmarrje! Projekti \u201cT\u00eb Rinjt\u00eb P\u00ebr Vendimmarrjen: Teknologji, Art dhe Pjes\u00ebmarrje!\u201d, i zbatuar nga Qendra ALTRI me mb\u00ebshtetjen financiare t\u00eb Bashkis\u00eb Kam\u00ebz, synon t\u00eb fuqizoj\u00eb t\u00eb rinjt\u00eb 15\u201329 vje\u00e7 p\u00ebr t\u2019u p\u00ebrfshir\u00eb n\u00eb m\u00ebnyr\u00eb m\u00eb aktive dhe t\u00eb informuar n\u00eb vendimmarrjen vendore,&hellip;<\/p>\n","protected":false},"author":2,"featured_media":4958,"comment_status":"closed","ping_status":"closed","sticky":false,"template":"","format":"standard","meta":{"footnotes":""},"categories":[4],"tags":[],"class_list":["post-4945","post","type-post","status-publish","format-standard","has-post-thumbnail","hentry","category-iniciativat","category-4","description-off"],"_links":{"self":[{"href":"https:\/\/altri.al\/index.php\/wp-json\/wp\/v2\/posts\/4945","targetHints":{"allow":["GET"]}}],"collection":[{"href":"https:\/\/altri.al\/index.php\/wp-json\/wp\/v2\/posts"}],"about":[{"href":"https:\/\/altri.al\/index.php\/wp-json\/wp\/v2\/types\/post"}],"author":[{"embeddable":true,"href":"https:\/\/altri.al\/index.php\/wp-json\/wp\/v2\/users\/2"}],"replies":[{"embeddable":true,"href":"https:\/\/altri.al\/index.php\/wp-json\/wp\/v2\/comments?post=4945"}],"version-history":[{"count":13,"href":"https:\/\/altri.al\/index.php\/wp-json\/wp\/v2\/posts\/4945\/revisions"}],"predecessor-version":[{"id":4975,"href":"https:\/\/altri.al\/index.php\/wp-json\/wp\/v2\/posts\/4945\/revisions\/4975"}],"wp:featuredmedia":[{"embeddable":true,"href":"https:\/\/altri.al\/index.php\/wp-json\/wp\/v2\/media\/4958"}],"wp:attachment":[{"href":"https:\/\/altri.al\/index.php\/wp-json\/wp\/v2\/media?parent=4945"}],"wp:term":[{"taxonomy":"category","embeddable":true,"href":"https:\/\/altri.al\/index.php\/wp-json\/wp\/v2\/categories?post=4945"},{"taxonomy":"post_tag","embeddable":true,"href":"https:\/\/altri.al\/index.php\/wp-json\/wp\/v2\/tags?post=4945"}],"curies":[{"name":"wp","href":"https:\/\/api.w.org\/{rel}","templated":true}]}}